{"id":242,"date":"2014-02-16T11:03:37","date_gmt":"2014-02-16T10:03:37","guid":{"rendered":"http:\/\/www.sulzbach-main-umgehung.de\/?p=242"},"modified":"2015-12-17T10:59:05","modified_gmt":"2015-12-17T09:59:05","slug":"veranstaltung","status":"publish","type":"post","link":"https:\/\/www.sulzbach-main-umgehung.de\/index.php\/2014\/02\/16\/veranstaltung\/","title":{"rendered":"Veranstaltung"},"content":{"rendered":"<p>Liebe Mitb\u00fcrer\/innen,<br \/>\nliebe Freunde und Unterst\u00fctzer<\/p>\n<p>unsere B\u00fcrgerinitiative m\u00f6chte Sie zu einer Veranstaltung am fr\u00fcheren Anlegeplatz der F\u00e4hre zwischen Sulzbach und Niedernberg sehr herzlich einladen.<\/p>\n<p>Bitte sehen Sie mit 2 &#8222;Klicks&#8220; mehr \u00fcber das Ziel dieser Veranstaltung.<\/p>\n<p><a href=\"https:\/\/www.sulzbach-main-umgehung.de\/newsimg\/postkarte-web-1.jpg\">https:\/\/www.sulzbach-main-umgehung.de\/newsimg\/postkarte-web-1.jpg<\/a><\/p>\n<p><a href=\"https:\/\/www.sulzbach-main-umgehung.de\/newsimg\/postkarte-web-2.jpg\">https:\/\/www.sulzbach-main-umgehung.de\/newsimg\/postkarte-web-2.jpg<\/a><\/p>\n<p>Bitte tragen Sie diese Information weiter und helfen Sie damit ein gemeinsames Ziel die <b>&#8222;Verhinderung einer Nord S\u00fcd Umgehung&#8220;<\/b> durch ein <i>Naturschutzgebiet<\/i> von Europ\u00e4ischen Rang Realit\u00e4t werden zu lassen. Bedenken Sie bitte &#8211; diese Trasse liegt unmittelbar an den zentralen <i>Trinkwasserbrunnen<\/i> f\u00fcr Sulzbach, Soden und Dornau.<\/p>\n","protected":false},"excerpt":{"rendered":"<p>Liebe Mitb\u00fcrer\/innen, liebe Freunde und Unterst\u00fctzer unsere B\u00fcrgerinitiative m\u00f6chte Sie zu einer Veranstaltung am fr\u00fcheren Anlegeplatz der F\u00e4hre zwischen Sulzbach und Niedernberg sehr herzlich einladen. Bitte sehen Sie mit 2 &#8222;Klicks&#8220; mehr \u00fcber das Ziel dieser Veranstaltung. https:\/\/www.sulzbach-main-umgehung.de\/newsimg\/postkarte-web-1.jpg https:\/\/www.sulzbach-main-umgehung.de\/newsimg\/postkarte-web-2.jpg Bitte&hellip; <br \/><a class=\"read-more-button\" href=\"https:\/\/www.sulzbach-main-umgehung.de\/index.php\/2014\/02\/16\/veranstaltung\/\">Mehr Lesen<\/a><\/p>\n","protected":false},"author":1,"featured_media":0,"comment_status":"closed","ping_status":"closed","sticky":false,"template":"","format":"standard","meta":{"footnotes":""},"categories":[1],"tags":[],"_links":{"self":[{"href":"https:\/\/www.sulzbach-main-umgehung.de\/index.php\/wp-json\/wp\/v2\/posts\/242"}],"collection":[{"href":"https:\/\/www.sulzbach-main-umgehung.de\/index.php\/wp-json\/wp\/v2\/posts"}],"about":[{"href":"https:\/\/www.sulzbach-main-umgehung.de\/index.php\/wp-json\/wp\/v2\/types\/post"}],"author":[{"embeddable":true,"href":"https:\/\/www.sulzbach-main-umgehung.de\/index.php\/wp-json\/wp\/v2\/users\/1"}],"replies":[{"embeddable":true,"href":"https:\/\/www.sulzbach-main-umgehung.de\/index.php\/wp-json\/wp\/v2\/comments?post=242"}],"version-history":[{"count":1,"href":"https:\/\/www.sulzbach-main-umgehung.de\/index.php\/wp-json\/wp\/v2\/posts\/242\/revisions"}],"predecessor-version":[{"id":243,"href":"https:\/\/www.sulzbach-main-umgehung.de\/index.php\/wp-json\/wp\/v2\/posts\/242\/revisions\/243"}],"wp:attachment":[{"href":"https:\/\/www.sulzbach-main-umgehung.de\/index.php\/wp-json\/wp\/v2\/media?parent=242"}],"wp:term":[{"taxonomy":"category","embeddable":true,"href":"https:\/\/www.sulzbach-main-umgehung.de\/index.php\/wp-json\/wp\/v2\/categories?post=242"},{"taxonomy":"post_tag","embeddable":true,"href":"https:\/\/www.sulzbach-main-umgehung.de\/index.php\/wp-json\/wp\/v2\/tags?post=242"}],"curies":[{"name":"wp","href":"https:\/\/api.w.org\/{rel}","templated":true}]}}