{"id":1362,"date":"2021-08-09T13:53:56","date_gmt":"2021-08-09T11:53:56","guid":{"rendered":"http:\/\/www.sulzbach-main-umgehung.de\/?p=1362"},"modified":"2021-08-09T20:58:19","modified_gmt":"2021-08-09T18:58:19","slug":"wo-der-pirol-ruft-expedition-in-die-sulzbacher-mainauen","status":"publish","type":"post","link":"https:\/\/www.sulzbach-main-umgehung.de\/index.php\/2021\/08\/09\/wo-der-pirol-ruft-expedition-in-die-sulzbacher-mainauen\/","title":{"rendered":"Wo der Pirol ruft: Expedition in die Sulzbacher Mainauen"},"content":{"rendered":"<p>Zwei Kenner der Sulzbacher Mainauen waren mit dem Main Echo unterwegs. Der Hobby-Ornithologe und der Biologe haben einen bemerkenswerten und Interessanten Beitrag f\u00fcr Sie zusammengestellt.<\/p>\n<p><strong>Wir ha\u00adben kei\u00adne Ber\u00adge, wir ha\u00adben kein Wat\u00adten\u00admeer, aber was wir mit den Mainau\u00aden ha\u00adben, ist et\u00adwas ganz Be\u00adson\u00adde\u00adres\u00ab, schw\u00e4rmt der Sulz\u00adba\u00adcher Hob\u00adby-Orni\u00adtho\u00adlo\u00adge Win\u00adfried Korn. \u00bbEs ist ei\u00adnes der in\u00adter\u00ades\u00adsan\u00adtes\u00adten und sc\u00adh\u00f6ns\u00adten Ge\u00adbie\u00adte: op\u00adtisch und von der Ar\u00adten-Aus\u00adstat\u00adtung her.\u00ab Ge\u00admein\u00adsam mit dem Nie\u00addern\u00adber\u00adger Bio\u00adlo\u00adgen Stef\u00adfen Schar\u00adrer hat er sich an die M\u00fcn\u00addung des Sulz\u00adbachs in den Main be\u00adge\u00adben und da\u00admit mit\u00adten in die Sulz\u00adba\u00adcher Mainau\u00aden.<\/strong><\/p>\n<p>Wir m\u00f6chten Ihnen an dieser Stelle die M\u00f6glichkeit geben sich \u00fcber den Beitrag einen tieferen Einblick in diese bedrohte Landschaft zu machen. Bitte klicken Sie auf den nachstehenden Link um direkt auf die Seiten und Informationen zu gelangen.<\/p>\n<p><a href=\"https:\/\/www.main-echo.de\/regional\/kreis-miltenberg\/wo-der-pirol-ruft-expedition-in-den-sulzbacher-mainauen-art-7354087\">Wo der Pirol ruft: Expedition in die Sulzbacher Mainauen (main-echo.de)<\/a><\/p>\n<p>Unser B\u00fcrgerinitiative ist sehr dankbar f\u00fcr die Eindr\u00fccke und Erkenntnisse um den Schutz der Mainauen. Wir d\u00fcrfen Ihnen an dieser Stelle abermals versichern, das sich unsere BI nach wie vor intensiv mit den Voruntersuchungen und Auswertung des Staatlichen Bauamtes besch\u00e4ftigt. Wir sind daher weiterhin gemeinsam mit unseren Freunden und Kollegen aus Niedernberg zuversichtlich, eine Ausweichstra\u00dfe in und durch die Mainauen verhindern zu k\u00f6nnen.<\/p>\n<p>Die aller Orten sp\u00fcrbaren negativen klimatischen Ver\u00e4nderungen sind zwischenzeitlich mehr als deutlich f\u00fcr jeden B\u00fcrger sichtbar und machen uns sehr betroffen.<\/p>\n<p>Vielen Dank f\u00fcr Ihre Aufmerksamkeit &#8230;.. bleiben Sie bitte gesund<\/p>\n","protected":false},"excerpt":{"rendered":"<p>Zwei Kenner der Sulzbacher Mainauen waren mit dem Main Echo unterwegs. Der Hobby-Ornithologe und der Biologe haben einen bemerkenswerten und Interessanten Beitrag f\u00fcr Sie zusammengestellt. Wir ha\u00adben kei\u00adne Ber\u00adge, wir ha\u00adben kein Wat\u00adten\u00admeer, aber was wir mit den Mainau\u00aden ha\u00adben,&hellip; <br \/><a class=\"read-more-button\" href=\"https:\/\/www.sulzbach-main-umgehung.de\/index.php\/2021\/08\/09\/wo-der-pirol-ruft-expedition-in-die-sulzbacher-mainauen\/\">Mehr Lesen<\/a><\/p>\n","protected":false},"author":2,"featured_media":0,"comment_status":"closed","ping_status":"closed","sticky":false,"template":"","format":"standard","meta":{"footnotes":""},"categories":[1],"tags":[],"_links":{"self":[{"href":"https:\/\/www.sulzbach-main-umgehung.de\/index.php\/wp-json\/wp\/v2\/posts\/1362"}],"collection":[{"href":"https:\/\/www.sulzbach-main-umgehung.de\/index.php\/wp-json\/wp\/v2\/posts"}],"about":[{"href":"https:\/\/www.sulzbach-main-umgehung.de\/index.php\/wp-json\/wp\/v2\/types\/post"}],"author":[{"embeddable":true,"href":"https:\/\/www.sulzbach-main-umgehung.de\/index.php\/wp-json\/wp\/v2\/users\/2"}],"replies":[{"embeddable":true,"href":"https:\/\/www.sulzbach-main-umgehung.de\/index.php\/wp-json\/wp\/v2\/comments?post=1362"}],"version-history":[{"count":7,"href":"https:\/\/www.sulzbach-main-umgehung.de\/index.php\/wp-json\/wp\/v2\/posts\/1362\/revisions"}],"predecessor-version":[{"id":1366,"href":"https:\/\/www.sulzbach-main-umgehung.de\/index.php\/wp-json\/wp\/v2\/posts\/1362\/revisions\/1366"}],"wp:attachment":[{"href":"https:\/\/www.sulzbach-main-umgehung.de\/index.php\/wp-json\/wp\/v2\/media?parent=1362"}],"wp:term":[{"taxonomy":"category","embeddable":true,"href":"https:\/\/www.sulzbach-main-umgehung.de\/index.php\/wp-json\/wp\/v2\/categories?post=1362"},{"taxonomy":"post_tag","embeddable":true,"href":"https:\/\/www.sulzbach-main-umgehung.de\/index.php\/wp-json\/wp\/v2\/tags?post=1362"}],"curies":[{"name":"wp","href":"https:\/\/api.w.org\/{rel}","templated":true}]}}