{"id":1313,"date":"2020-08-24T10:25:45","date_gmt":"2020-08-24T08:25:45","guid":{"rendered":"http:\/\/www.sulzbach-main-umgehung.de\/?p=1313"},"modified":"2020-08-24T10:43:10","modified_gmt":"2020-08-24T08:43:10","slug":"eingeschraenkte-informationsmoeglichkeit","status":"publish","type":"post","link":"https:\/\/www.sulzbach-main-umgehung.de\/index.php\/2020\/08\/24\/eingeschraenkte-informationsmoeglichkeit\/","title":{"rendered":"Eingeschr\u00e4nkte Informationsm\u00f6glichkeit"},"content":{"rendered":"<p>Liebe Mitglieder, Freunde und Unterst\u00fctzer,<\/p>\n<p>nachstehende Information werden Sie im <em>n\u00e4chsten Mitteilungsblatt<\/em> lesen k\u00f6nnen. Wir haben \u00fcber viele Monate und zahlreichen R\u00fcckmeldungen feststellen d\u00fcrfen, dass sich durch unsere Beitr\u00e4ge die B\u00fcrger umfassender informiert sehen.\u00a0Wir werden versuchen diesen Zustand durch Beitr\u00e4ge in den \u00f6ffentlichen Medien aufrecht zu halten. Bitte achten Sie daher auf Leserbriefe im Main-Echo, in Facebook oder auf dieser Internet-Seite.<\/p>\n<p>Liebe Mitglieder,<\/p>\n<p>An dieser Stelle des Mitteilungsblattes konnten wir Sie bislang rund um die Planungen zur Ortsumfahrung informieren. Wahrscheinlich wird das in dieser Form bald nicht mehr m\u00f6glich sein, denn die Gemeinde Sulzbach m\u00f6chte die Vorgaben zu Ver\u00f6ffentlichungen im Sulzbacher Mitteilungsblatt unter der Rubrik \u201eAus Vereinen und Verb\u00e4nden\u201c \u00e4ndern. Manche wird dies freuen, vielleicht bedauert es jedoch auch der ein oder andere.<\/p>\n<p>Hintergrund ist laut Gemeinde ein Urteil des Bundesgerichtshofs. Er gab einem privaten Verlagsunternehmen Recht, das im <strong><u>kostenfreien<\/u><\/strong> Vertrieb des \u201eStadtblattes\u201c der Stadt Crailsheim einen Versto\u00df gegen das Wettbewerbsrecht sahen, <strong><u>weil dieses wie eine Zeitung aufgemacht<\/u><\/strong> war.<\/p>\n<p>Vor diesem Hintergrund hat die Gemeinde Sulzbach in den letzten Monaten mehrere Beitr\u00e4ge aus der Rubrik \u201eAus Vereinen und Verb\u00e4nden\u201c nicht zum Druck freigegeben. \u00dcber die Hintergr\u00fcnde wurden wir <strong>erst auf Nachfrage<\/strong> informiert. Die genauen Empfehlungen des Bayerischen Gemeindetages an seine Gemeinden sind uns jedoch nicht bekannt.<\/p>\n<p>Nach den Sommerferien wird der Gemeinderat wohl entscheiden, welche Informationen k\u00fcnftig \u00fcber das in Sulzbach kostenpflichtig zu abonnierende Mitteilungsblatt kundgemacht werden d\u00fcrfen \u2013 <strong>eine \u00c4nderung, die wohl in der ein oder anderen Form alle Vereine und Verb\u00e4nde betreffen wird.<\/strong><\/p>\n<p>&nbsp;<\/p>\n<p>&nbsp;<\/p>\n","protected":false},"excerpt":{"rendered":"<p>Liebe Mitglieder, Freunde und Unterst\u00fctzer, nachstehende Information werden Sie im n\u00e4chsten Mitteilungsblatt lesen k\u00f6nnen. Wir haben \u00fcber viele Monate und zahlreichen R\u00fcckmeldungen feststellen d\u00fcrfen, dass sich durch unsere Beitr\u00e4ge die B\u00fcrger umfassender informiert sehen.\u00a0Wir werden versuchen diesen Zustand durch Beitr\u00e4ge&hellip; <br \/><a class=\"read-more-button\" href=\"https:\/\/www.sulzbach-main-umgehung.de\/index.php\/2020\/08\/24\/eingeschraenkte-informationsmoeglichkeit\/\">Mehr Lesen<\/a><\/p>\n","protected":false},"author":2,"featured_media":0,"comment_status":"closed","ping_status":"closed","sticky":false,"template":"","format":"standard","meta":{"footnotes":""},"categories":[1],"tags":[],"_links":{"self":[{"href":"https:\/\/www.sulzbach-main-umgehung.de\/index.php\/wp-json\/wp\/v2\/posts\/1313"}],"collection":[{"href":"https:\/\/www.sulzbach-main-umgehung.de\/index.php\/wp-json\/wp\/v2\/posts"}],"about":[{"href":"https:\/\/www.sulzbach-main-umgehung.de\/index.php\/wp-json\/wp\/v2\/types\/post"}],"author":[{"embeddable":true,"href":"https:\/\/www.sulzbach-main-umgehung.de\/index.php\/wp-json\/wp\/v2\/users\/2"}],"replies":[{"embeddable":true,"href":"https:\/\/www.sulzbach-main-umgehung.de\/index.php\/wp-json\/wp\/v2\/comments?post=1313"}],"version-history":[{"count":9,"href":"https:\/\/www.sulzbach-main-umgehung.de\/index.php\/wp-json\/wp\/v2\/posts\/1313\/revisions"}],"predecessor-version":[{"id":1322,"href":"https:\/\/www.sulzbach-main-umgehung.de\/index.php\/wp-json\/wp\/v2\/posts\/1313\/revisions\/1322"}],"wp:attachment":[{"href":"https:\/\/www.sulzbach-main-umgehung.de\/index.php\/wp-json\/wp\/v2\/media?parent=1313"}],"wp:term":[{"taxonomy":"category","embeddable":true,"href":"https:\/\/www.sulzbach-main-umgehung.de\/index.php\/wp-json\/wp\/v2\/categories?post=1313"},{"taxonomy":"post_tag","embeddable":true,"href":"https:\/\/www.sulzbach-main-umgehung.de\/index.php\/wp-json\/wp\/v2\/tags?post=1313"}],"curies":[{"name":"wp","href":"https:\/\/api.w.org\/{rel}","templated":true}]}}