{"id":1310,"date":"2020-08-15T11:43:05","date_gmt":"2020-08-15T09:43:05","guid":{"rendered":"http:\/\/www.sulzbach-main-umgehung.de\/?p=1310"},"modified":"2020-08-15T11:43:05","modified_gmt":"2020-08-15T09:43:05","slug":"und-immer-wieder-stellen-sich-fragen","status":"publish","type":"post","link":"https:\/\/www.sulzbach-main-umgehung.de\/index.php\/2020\/08\/15\/und-immer-wieder-stellen-sich-fragen\/","title":{"rendered":"und immer wieder stellen sich Fragen"},"content":{"rendered":"<p>Liebe Mitglieder,<\/p>\n<p>Im Main-Echo war zu lesen, die Gemeinde habe sich mit dem Staatlichen Bauamt \u201everst\u00e4ndigt\u201c, den schmalen Gehweg in der Jahnstra\u00dfe nun doch zumindest auf rund 1,30 Meter zu verbreitern. Dem Bericht war leider nicht zu entnehmen, wer f\u00fcr die Kosten dieser nachtr\u00e4glichen \u00c4nderung aufkommt und wie hoch diese ausfallen werden. Da die Gemeinde Sulzbach jedoch die urspr\u00fcnglichen Planungsunterlagen genehmigt hat, obwohl gegen\u00fcber, am alten Ibelo-Gel\u00e4nde, gen\u00fcgend gemeindliche Fl\u00e4che zur Verf\u00fcgung steht, die einen breiteren Gehweg von Anfang an m\u00f6glich gemacht h\u00e4tte. ist wohl davon auszugehen, dass wir nun auch die Kosten tragen m\u00fcssen.<\/p>\n<p>Schon in der Vergangenheit wurde bei Neubauma\u00dfnahmen an Sulzbachs Hauptverkehrsstra\u00dfen der Verkehrssicherheit keine Beachtung geschenkt und man ist mit den Resultaten im Nachhinein auch nicht gl\u00fccklich. So kann man den \u201eGehweg\u201c an der Hauptstra\u00dfe, im Bereich der Neubauten gegen\u00fcber Rathaus und Sparkasse, wohl kaum als \u201esicher\u201c bezeichnen. Auch an der Seniorentagesst\u00e4tte in der Bahnhofstra\u00dfe wurde die Verkehrssicherheit bei der Planung der Parkpl\u00e4tze wohl nicht bedacht. Gleiches wiederholte sich nun beim Kreiselbau.<\/p>\n<p>Das Staatliche Bauamt begr\u00fcndet die jetzigen Planungen damit, man k\u00f6nne die Jahnstra\u00dfe \u2013 in der eine Geschwindigkeitsreduzierung auf Tempo 30 bereits mehrfach abgelehnt wurde &#8211; an der Ampel oder der Querungshilfe passieren, um zum breiteren Gehweg zu gelangen. Die Fachleute planen in r\u00e4umlicher N\u00e4he zu unserem Alten- und Pflegeheim also bewusst schmale Gehsteige und damit verbunden unn\u00f6tige Querungen ein. Gleichzeitig will die Gemeinde Sulzbach mit Hilfe des Staatlichen Bauamtes die Folgen genau solcher Planungen durch den Bau einer Umgehungsstra\u00dfe wieder wettmachen. Auf der Internetseite der Beh\u00f6rde wird im Video \u201eDer Bedarf\u201c der schmale Fu\u00dfweg in der Hauptstra\u00dfe eingeblendet, das Problem der Gehwege wird thematisiert und der Sulzbacher B\u00fcrgermeister beklagt, dass Senioren, Kinder und Menschen mit Handicap beim Queren der Durchgangsstra\u00dfen t\u00e4glich ihre Gesundheit riskieren. Vor diesem Hintergrund die \u00dcberlegungen der Verantwortlichen im Hinblick auf die Gehwegbreite am Kreisel noch nachvollziehen zu k\u00f6nnen, f\u00e4llt schwer. \u201eL\u00f6sungen finden, f\u00fcr die Probleme von morgen\u201c \u2013 der Schlusssatz im Video.<\/p>\n<p>Nicht die Gemeinde und nicht das Staatliche Bauamt Aschaffenburg, sondern aufmerksame B\u00fcrger haben nun daf\u00fcr gesorgt, dass k\u00fcnftig keine Probleme am Gehweg in der Jahnstra\u00dfe entstehen werden, die man im Nachhinein wieder bedauern m\u00fcsste.<\/p>\n<p>Uns wird gerne vorgehalten, wir sollen doch die Fachleute arbeiten lassen und warten, bis die Pl\u00e4ne auf dem Tisch liegen. Nun, die Pl\u00e4ne zum Kreiselbau lagen auf dem Tisch, die Fachleute hatten ihre Arbeit getan und die Marktr\u00e4te haben gepr\u00fcft und zugestimmt. \u2013 Der Gehweg war dennoch zu schmal und eine Nachbesserung hat man sich im wahrsten Sinne des Wortes nicht \u201eersparen\u201c k\u00f6nnen.<\/p>\n<p>Aus diesem Grund werden wir nat\u00fcrlich auch weiterhin die Planungen zur Ortsumfahrung begleiten und den Fachleuten die ein oder andere unangenehme Frage stellen.<\/p>\n<p>P.S.: Im Mitteilungsblattes konnten wir Sie, liebe Mitglieder, bislang rund um die Planungen zur Ortsumfahrung informieren. Jeder, der unsere Nachrichten lesen wollte, konnte dies tun. Wahrscheinlich wird das in dieser Form bald nicht mehr m\u00f6glich sein, denn die Gemeinde Sulzbach m\u00f6chte die Vorgaben zu Ver\u00f6ffentlichungen im Sulzbacher Mitteilungsblatt unter der Rubrik \u201eAus Vereinen und Verb\u00e4nden\u201c \u00e4ndern. Manche wird dies freuen, vielleicht bedauert es jedoch auch der ein oder andere.<\/p>\n<p>Entschieden wird dar\u00fcber wohl nach den Sommerferien in unserem Gemeinderat.<\/p>\n<p>&nbsp;<\/p>\n","protected":false},"excerpt":{"rendered":"<p>Liebe Mitglieder, Im Main-Echo war zu lesen, die Gemeinde habe sich mit dem Staatlichen Bauamt \u201everst\u00e4ndigt\u201c, den schmalen Gehweg in der Jahnstra\u00dfe nun doch zumindest auf rund 1,30 Meter zu verbreitern. Dem Bericht war leider nicht zu entnehmen, wer f\u00fcr&hellip; <br \/><a class=\"read-more-button\" href=\"https:\/\/www.sulzbach-main-umgehung.de\/index.php\/2020\/08\/15\/und-immer-wieder-stellen-sich-fragen\/\">Mehr Lesen<\/a><\/p>\n","protected":false},"author":2,"featured_media":0,"comment_status":"closed","ping_status":"closed","sticky":false,"template":"","format":"standard","meta":{"footnotes":""},"categories":[1],"tags":[],"_links":{"self":[{"href":"https:\/\/www.sulzbach-main-umgehung.de\/index.php\/wp-json\/wp\/v2\/posts\/1310"}],"collection":[{"href":"https:\/\/www.sulzbach-main-umgehung.de\/index.php\/wp-json\/wp\/v2\/posts"}],"about":[{"href":"https:\/\/www.sulzbach-main-umgehung.de\/index.php\/wp-json\/wp\/v2\/types\/post"}],"author":[{"embeddable":true,"href":"https:\/\/www.sulzbach-main-umgehung.de\/index.php\/wp-json\/wp\/v2\/users\/2"}],"replies":[{"embeddable":true,"href":"https:\/\/www.sulzbach-main-umgehung.de\/index.php\/wp-json\/wp\/v2\/comments?post=1310"}],"version-history":[{"count":1,"href":"https:\/\/www.sulzbach-main-umgehung.de\/index.php\/wp-json\/wp\/v2\/posts\/1310\/revisions"}],"predecessor-version":[{"id":1311,"href":"https:\/\/www.sulzbach-main-umgehung.de\/index.php\/wp-json\/wp\/v2\/posts\/1310\/revisions\/1311"}],"wp:attachment":[{"href":"https:\/\/www.sulzbach-main-umgehung.de\/index.php\/wp-json\/wp\/v2\/media?parent=1310"}],"wp:term":[{"taxonomy":"category","embeddable":true,"href":"https:\/\/www.sulzbach-main-umgehung.de\/index.php\/wp-json\/wp\/v2\/categories?post=1310"},{"taxonomy":"post_tag","embeddable":true,"href":"https:\/\/www.sulzbach-main-umgehung.de\/index.php\/wp-json\/wp\/v2\/tags?post=1310"}],"curies":[{"name":"wp","href":"https:\/\/api.w.org\/{rel}","templated":true}]}}