{"id":1289,"date":"2020-03-13T14:33:33","date_gmt":"2020-03-13T13:33:33","guid":{"rendered":"http:\/\/www.sulzbach-main-umgehung.de\/?p=1289"},"modified":"2020-03-13T14:45:26","modified_gmt":"2020-03-13T13:45:26","slug":"verkehrszahlen-wie-auf-dem-basar","status":"publish","type":"post","link":"https:\/\/www.sulzbach-main-umgehung.de\/index.php\/2020\/03\/13\/verkehrszahlen-wie-auf-dem-basar\/","title":{"rendered":"Verkehrszahlen wie auf dem Basar"},"content":{"rendered":"<p>Unter dem Motto darf&#8217;s ein bisschen mehr sein? Hat noch jemand eine h\u00f6here Zahl gew\u00fcrfelt oder wer bietet mehr &#8211; so k\u00f6nnte man die Verkehrszahlen des Staatlichen Bauamtes bezeichnen. Lesen Sie bitte nach was wir in den Unterlagen des Staatl. Bauamtes gefunden haben. Mit einem &#8222;Kopfsch\u00fctteln&#8220; ist dies nicht mehr abgetan.<\/p>\n<p>&nbsp;<\/p>\n<p>&nbsp;<\/p>\n<p>Darf\u2019s ein bisschen mehr sein?<\/p>\n<p>Zur Vorbereitung auf das Planfeststellungsverfahren zur Ortsumgehung haben wir beim<br \/>\nStaatlichen Bauamt die vollst\u00e4ndigen Unterlagen der beiden Verkehrsuntersuchungen aus den<br \/>\nJahren 2014 und 2018 angefordert. Hierbei trat \u00dcberraschendes zu Tage:<\/p>\n<p>Zur am 14.10.2014 \u00f6ffentlich in der Main-Spessart-Halle vorgestellten Verkehrsuntersuchung<br \/>\ngibt es laut Staatlichem Bauamt keinen Schlussbericht des Gutachters. Diese Pr\u00e4sentation \u2013 so<br \/>\ndas Bauamt \u2013 sei nur ein \u201eZwischenergebnis\u201c gewesen.<\/p>\n<p>Eingang in die Unterlagen fanden hingegen Dokumente vom September 2014 und Juli 2015.<br \/>\nDiese Daten sind sp\u00e4ter ins neue Modell von 2018 eingeflossen. Abgesehen davon, dass die \u00d6ffentlichkeit weder \u00fcber die Ergebnisse vom September 2014 noch \u00fcber die vom Juli 2015 informiert wurde, lohnt ein Blick in die jeweilige<strong> Entlastungswirkung einer Nord-S\u00fcd-Tangente<\/strong>, die die Unterlagen pr\u00e4sentieren:<\/p>\n<p><span style=\"color: #000000;\">Sept.2014:<span style=\"color: #ff0000;\"> rund 4.000 PKW<\/span> (nicht \u00f6ffentlich vorgestellt)<\/span><br \/>\n<span style=\"color: #000000;\">Okt.2014:\u00a0<span style=\"color: #ff0000;\"> rund 6.000 PKW<\/span> (\u00f6ffentlich vorgestellt \u2013 fand keinen Eingang in den <\/span><span style=\"color: #000000;\">Schlussbericht)<\/span><br \/>\n<span style=\"color: #000000;\">Juli 2015: \u00a0 <span style=\"color: #ff0000;\">rund 7.000 PKW<\/span> \u2013 nach Hochrechnung der Verkehrszahlen 2014<br \/>\n(nicht \u00f6ffentlich <\/span><span style=\"color: #000000;\">vorgestellt)<\/span><br \/>\n<span style=\"color: #000000;\">Dezember 2018: <span style=\"color: #ff0000;\">rund 9.000 PKW<\/span> (\u00f6ffentlich vorgestellt)<\/span><br \/>\nWohl gemerkt: Es gab<strong> <span style=\"color: #000000;\">keine neuen Verkehrsz\u00e4hlungen<\/span><\/strong> in Sulzbach seit Mai 2014!<br \/>\nMan kann sich an einen Besuch beim Metzger erinnert f\u00fchlen: \u201eDarf\u2019s ein bisschen mehr sein?\u201c<\/p>\n<p>Von Verkehrsmodellen k\u00f6nnen wir B\u00fcrger Dinge lernen, die wir kaum f\u00fcr m\u00f6glich halten.<br \/>\nSo prognostiziert das neue Modell zum Beispiel, dass im Jahr 2035 auf der Stra\u00dfe nach<br \/>\nDornau (nur! von Kleinwallstadt kommend) T\u00c4GLICH mindestens 1.300 Kfz, davon<br \/>\n50 Schwerverkehr fahren werden, <span style=\"color: #ff0000;\">obwohl die Durchfahrt in Dornau f\u00fcr Schwerverkehr<br \/>\n<\/span><span style=\"color: #ff0000;\"><strong>gesperrt<\/strong> ist\u2026<\/span><\/p>\n<p><strong>Auf Basis solcher Daten soll eine Stra\u00dfe gebaut werden,<\/strong><br \/>\n&#8211; auf Grund derer die Anwohner im Kleewiesenweg die \u00dcberbauung ihrer Wohnh\u00e4user<br \/>\nbef\u00fcrchten m\u00fcssen<br \/>\n&#8211; die komplett entlang der westlichen Wohnbebauung gef\u00fchrt werden wird<br \/>\n&#8211; die massiv ins Naherholungsgebiet eben dieses Wohngebietes eingreift<br \/>\n&#8211; die ins FFH- und Naturschutzgebiet eingreift<br \/>\n&#8211; die ins Trinkwasserschutzgebiet eingreift<br \/>\n&#8211; die ins Hochwasserschutzgebiet eingreift<br \/>\nNachvollziehbare und glaubw\u00fcrdige Gutachten auf Basis verl\u00e4sslicher Daten sind wohl das<br \/>\nMindeste, was die B\u00fcrger vor diesem Hintergrund erwarten k\u00f6nnen.<br \/>\nDass diese tats\u00e4chlich vorgelegt werden, muss auch im Interesse der Gemeinde Sulzbach und<br \/>\ndes neu zu w\u00e4hlenden Gemeinderates liegen!<\/p>\n","protected":false},"excerpt":{"rendered":"<p>Unter dem Motto darf&#8217;s ein bisschen mehr sein? Hat noch jemand eine h\u00f6here Zahl gew\u00fcrfelt oder wer bietet mehr &#8211; so k\u00f6nnte man die Verkehrszahlen des Staatlichen Bauamtes bezeichnen. Lesen Sie bitte nach was wir in den Unterlagen des Staatl.&hellip; <br \/><a class=\"read-more-button\" href=\"https:\/\/www.sulzbach-main-umgehung.de\/index.php\/2020\/03\/13\/verkehrszahlen-wie-auf-dem-basar\/\">Mehr Lesen<\/a><\/p>\n","protected":false},"author":2,"featured_media":0,"comment_status":"closed","ping_status":"closed","sticky":false,"template":"","format":"standard","meta":{"footnotes":""},"categories":[1],"tags":[],"_links":{"self":[{"href":"https:\/\/www.sulzbach-main-umgehung.de\/index.php\/wp-json\/wp\/v2\/posts\/1289"}],"collection":[{"href":"https:\/\/www.sulzbach-main-umgehung.de\/index.php\/wp-json\/wp\/v2\/posts"}],"about":[{"href":"https:\/\/www.sulzbach-main-umgehung.de\/index.php\/wp-json\/wp\/v2\/types\/post"}],"author":[{"embeddable":true,"href":"https:\/\/www.sulzbach-main-umgehung.de\/index.php\/wp-json\/wp\/v2\/users\/2"}],"replies":[{"embeddable":true,"href":"https:\/\/www.sulzbach-main-umgehung.de\/index.php\/wp-json\/wp\/v2\/comments?post=1289"}],"version-history":[{"count":6,"href":"https:\/\/www.sulzbach-main-umgehung.de\/index.php\/wp-json\/wp\/v2\/posts\/1289\/revisions"}],"predecessor-version":[{"id":1295,"href":"https:\/\/www.sulzbach-main-umgehung.de\/index.php\/wp-json\/wp\/v2\/posts\/1289\/revisions\/1295"}],"wp:attachment":[{"href":"https:\/\/www.sulzbach-main-umgehung.de\/index.php\/wp-json\/wp\/v2\/media?parent=1289"}],"wp:term":[{"taxonomy":"category","embeddable":true,"href":"https:\/\/www.sulzbach-main-umgehung.de\/index.php\/wp-json\/wp\/v2\/categories?post=1289"},{"taxonomy":"post_tag","embeddable":true,"href":"https:\/\/www.sulzbach-main-umgehung.de\/index.php\/wp-json\/wp\/v2\/tags?post=1289"}],"curies":[{"name":"wp","href":"https:\/\/api.w.org\/{rel}","templated":true}]}}